{"id":253158,"date":"2025-12-01T12:25:26","date_gmt":"2025-12-01T18:25:26","guid":{"rendered":"https:\/\/www.cfta-alec.ca\/?p=253158"},"modified":"2025-12-01T12:25:29","modified_gmt":"2025-12-01T18:25:29","slug":"valeurs-de-seuil-ajustees-des-marches-couverts-1er-janvier-2026-au-31-decembre-2027","status":"publish","type":"post","link":"https:\/\/www.cfta-alec.ca\/fr\/valeurs-de-seuil-ajustees-des-marches-couverts-1er-janvier-2026-au-31-decembre-2027","title":{"rendered":"VALEURS DE SEUIL AJUST\u00c9ES DES MARCH\u00c9S COUVERTS (1ER JANVIER 2026 AU 31 D\u00c9CEMBRE 2027)"},"content":{"rendered":"\n<p><strong>27 novembre 2025<\/strong> \u2013 Les seuils de march\u00e9s publics couverts ajust\u00e9s pour la p\u00e9riode allant du 1er janvier 2026 au 31 d\u00e9cembre 2027 sont d\u00e9sormais disponibles sur le <a href=\"https:\/\/www.cfta-alec.ca\/fr\/marches-publics\/seuils-des-marches-couverts\">site web de l\u2019ALEC<\/a>.<\/p>\n","protected":false},"excerpt":{"rendered":"<p>27 novembre 2025 \u2013 Les seuils de march\u00e9s publics couverts ajust\u00e9s pour la p\u00e9riode allant du 1er janvier 2026 au 31 d\u00e9cembre 2027 sont d\u00e9sormais disponibles sur le site web de l\u2019ALEC.<\/p>\n","protected":false},"author":4,"featured_media":0,"comment_status":"closed","ping_status":"closed","sticky":false,"template":"","format":"standard","meta":{"_acf_changed":false,"footnotes":""},"categories":[3],"tags":[],"class_list":["post-253158","post","type-post","status-publish","format-standard","hentry","category-nouvelles","no-post-thumbnail"],"acf":[],"_links":{"self":[{"href":"https:\/\/www.cfta-alec.ca\/fr\/wp-json\/wp\/v2\/posts\/253158"}],"collection":[{"href":"https:\/\/www.cfta-alec.ca\/fr\/wp-json\/wp\/v2\/posts"}],"about":[{"href":"https:\/\/www.cfta-alec.ca\/fr\/wp-json\/wp\/v2\/types\/post"}],"author":[{"embeddable":true,"href":"https:\/\/www.cfta-alec.ca\/fr\/wp-json\/wp\/v2\/users\/4"}],"replies":[{"embeddable":true,"href":"https:\/\/www.cfta-alec.ca\/fr\/wp-json\/wp\/v2\/comments?post=253158"}],"version-history":[{"count":1,"href":"https:\/\/www.cfta-alec.ca\/fr\/wp-json\/wp\/v2\/posts\/253158\/revisions"}],"predecessor-version":[{"id":253160,"href":"https:\/\/www.cfta-alec.ca\/fr\/wp-json\/wp\/v2\/posts\/253158\/revisions\/253160"}],"wp:attachment":[{"href":"https:\/\/www.cfta-alec.ca\/fr\/wp-json\/wp\/v2\/media?parent=253158"}],"wp:term":[{"taxonomy":"category","embeddable":true,"href":"https:\/\/www.cfta-alec.ca\/fr\/wp-json\/wp\/v2\/categories?post=253158"},{"taxonomy":"post_tag","embeddable":true,"href":"https:\/\/www.cfta-alec.ca\/fr\/wp-json\/wp\/v2\/tags?post=253158"}],"curies":[{"name":"wp","href":"https:\/\/api.w.org\/{rel}","templated":true}]}}