{"id":249869,"date":"2025-07-08T15:31:15","date_gmt":"2025-07-08T20:31:15","guid":{"rendered":"https:\/\/www.cfta-alec.ca\/?p=249869"},"modified":"2025-07-08T15:31:18","modified_gmt":"2025-07-08T20:31:18","slug":"communique-reunion-du-comite-du-commerce-interieur-du-8-juillet-2025","status":"publish","type":"post","link":"https:\/\/www.cfta-alec.ca\/fr\/communique-reunion-du-comite-du-commerce-interieur-du-8-juillet-2025","title":{"rendered":"COMMUNIQU\u00c9 &#8211; R\u00c9UNION DU COMIT\u00c9 DU COMMERCE INT\u00c9RIEUR DU 8 JUILLET 2025"},"content":{"rendered":"\n<figure class=\"wp-block-image size-large\"><img decoding=\"async\" width=\"1024\" height=\"683\" src=\"https:\/\/www.cfta-alec.ca\/wp-content\/uploads\/2025\/07\/Ministers-Photo1-Official-Meeting-Photo-1024x683.jpg\" alt=\"\" class=\"wp-image-249861\" srcset=\"https:\/\/www.cfta-alec.ca\/wp-content\/uploads\/2025\/07\/Ministers-Photo1-Official-Meeting-Photo-1024x683.jpg 1024w, https:\/\/www.cfta-alec.ca\/wp-content\/uploads\/2025\/07\/Ministers-Photo1-Official-Meeting-Photo-300x200.jpg 300w, https:\/\/www.cfta-alec.ca\/wp-content\/uploads\/2025\/07\/Ministers-Photo1-Official-Meeting-Photo-768x512.jpg 768w, https:\/\/www.cfta-alec.ca\/wp-content\/uploads\/2025\/07\/Ministers-Photo1-Official-Meeting-Photo-1536x1025.jpg 1536w, https:\/\/www.cfta-alec.ca\/wp-content\/uploads\/2025\/07\/Ministers-Photo1-Official-Meeting-Photo-100x67.jpg 100w, https:\/\/www.cfta-alec.ca\/wp-content\/uploads\/2025\/07\/Ministers-Photo1-Official-Meeting-Photo-1424x950.jpg 1424w, https:\/\/www.cfta-alec.ca\/wp-content\/uploads\/2025\/07\/Ministers-Photo1-Official-Meeting-Photo.jpg 2048w\" sizes=\"(max-width: 1024px) 100vw, 1024px\" \/><\/figure>\n\n\n\n<p><em>De gauche \u00e0 droite, rang\u00e9e arri\u00e8re : Denis Mahoney (Terre-Neuve-et-Labrador), le ministre Ranj Pillai (Yukon), le ministre Jamie Moses (Manitoba), la ministre Diana Gibson (Colombie-Britannique), le ministre John Lohr (Nouvelle-\u00c9cosse), le ministre Warren Kaeding (Saskatchewan), le ministre David Akeeagok (Nunavut).<\/em><\/p>\n\n\n\n<p><em>De gauche \u00e0 droite, au premier rang : le ministre Jean-Claude D\u2019Amours (Nouveau-Brunswick), le ministre Victor Fedeli (Ontario), la ministre Caitlin Cleveland (Territoires du Nord-Ouest), la ministre Chrystia Freeland (Canada), le ministre Christopher Skeete (Qu\u00e9bec), la ministre Darlene Compton (\u00cele-du-Prince-\u00c9douard), le ministre Joseph Schow (Alberta).<\/em><\/p>\n\n\n\n<p><strong>Qu\u00e9bec (Qu\u00e9bec) &#8211; Le 8 juillet 2025<\/strong><\/p>\n\n\n\n<p>Alors que l\u2019incertitude entourant le commerce mondial persiste, les gouvernements f\u00e9d\u00e9ral, provinciaux et territoriaux demeurent d\u00e9termin\u00e9s \u00e0 collaborer pour renforcer l\u2019\u00e9conomie int\u00e9rieure du Canada. Au cours des six derniers mois, les ministres ont fait avancer plus que jamais les discussions sur le commerce int\u00e9rieur.<\/p>\n\n\n\n<p>La r\u00e9union du Comit\u00e9 du commerce int\u00e9rieur (CCI) qui a eu lieu aujourd\u2019hui \u00e0 Qu\u00e9bec \u00e9tait la septi\u00e8me r\u00e9union tenue en 2025, ce qui d\u00e9montre un niveau sans pr\u00e9c\u00e9dent de collaboration ainsi que l\u2019urgence de la situation.<\/p>\n\n\n\n<p>La r\u00e9union du CCI d\u2019aujourd\u2019hui, pr\u00e9sid\u00e9e par la ministre Caitlin&nbsp;Cleveland des Territoires du Nord\u2011Ouest, a permis aux ministres d\u2019examiner et de faire progresser la mise en \u0153uvre des recommandations approuv\u00e9es par les <a href=\"https:\/\/www.cfta-alec.ca\/fr\/declaration-des-premiers-ministres-sur-lelimination-des-obstacles-au-commerce-interieur-au-canada\">premiers ministres en f\u00e9vrier&nbsp;2025<\/a>.<\/p>\n\n\n\n<p>Voici quelques r\u00e9alisations importantes*&nbsp;:<\/p>\n\n\n\n<ul class=\"wp-block-list\">\n<li>Ensemble, les Parties ont supprim\u00e9 plus de 30\u00a0% des exceptions au regard des mesures existantes (EPP) restantes de l\u2019Accord de libre\u2011\u00e9change canadien (ALEC).<\/li>\n\n\n\n<li>Les Parties ont men\u00e9 \u00e0 bien les n\u00e9gociations sur les services financiers et sont parvenues \u00e0 conclure une entente de principe. L\u2019entr\u00e9e en vigueur du chapitre est pr\u00e9vue \u00e0 la fin de l\u2019automne\u00a02025.<\/li>\n\n\n\n<li>Les Parties cherchent \u00e0 \u00e9largir rapidement le <a href=\"https:\/\/www.canada.ca\/fr\/affaires-intergouvernementales\/nouvelles\/2024\/09\/les-ministres-leblanc-et-anand-annoncent-un-projet-pilote-sur-le-camionnage-pour-ameliorer-la-circulation-des-marchandises.html\" target=\"_blank\" rel=\"noopener\">projet pilote de reconnaissance mutuelle dans le secteur du camionnage<\/a> en collaboration avec les ministres des Transports et \u00e0 conclure une entente d\u2019ici l\u2019automne\u00a02025. Un \u00ab\u00a0hackathon\u00a0\u00bb sur le transport routier aura lieu les 15 et 16\u00a0juillet \u00e0 Toronto, r\u00e9unissant des experts de tout le Canada afin d\u2019identifier de nouveaux moyens de r\u00e9duire les obstacles co\u00fbteux li\u00e9s au transport en harmonisant les r\u00e9glementations dans le secteur du transport routier.<\/li>\n\n\n\n<li>Les parties sont parvenues \u00e0 un consensus qui leur permettra de donner suite \u00e0 la <a href=\"https:\/\/www.pm.gc.ca\/fr\/nouvelles\/declarations\/2025\/06\/02\/declaration-des-premiers-ministres-du-canada-des-provinces-et-des-territoires\" target=\"_blank\" rel=\"noopener\">\u00a0directive des premiers ministres<\/a> consistant \u00e0 mettre en \u0153uvre un accord de reconnaissance mutuelle ax\u00e9 sur les mesures r\u00e9glementaires r\u00e9gissant la vente de biens, \u00e0 l\u2019exception des aliments. Les premiers ministres ont donn\u00e9 une \u00e9ch\u00e9ance au mois de d\u00e9cembre\u00a02025.<\/li>\n\n\n\n<li>L\u2019ensemble des provinces et des territoires se sont engag\u00e9s \u00e0 respecter une norme de service de 30\u00a0jours pour le traitement des demandes li\u00e9es \u00e0 la mobilit\u00e9 de la main\u2011d\u2019\u0153uvre, et des travaux sont en cours pour d\u00e9velopper une solution num\u00e9rique de v\u00e9rification pour les travailleurs qualifi\u00e9s. En outre, bon nombre des provinces et territoires ont d\u00e9j\u00e0 adopt\u00e9 des mesures l\u00e9gislatives visant \u00e0 simplifier les processus de mobilit\u00e9 de la main\u2011d\u2019\u0153uvre.<\/li>\n\n\n\n<li>Au total, dix provinces et territoires ont sign\u00e9 un protocole d\u2019entente (PE) dans lequel ils s\u2019engagent \u00e0 faire progresser la vente directe d\u2019alcool aux consommateurs pour permettre de commander leur vin, spiritueux, bi\u00e8re ou autre boisson alcoolis\u00e9e canadienne directement aupr\u00e8s du producteur, aux fins de consommation personnelle. Les Parties s\u2019efforceront maintenant de conclure des ententes de mise en \u0153uvre plus d\u00e9taill\u00e9es ou de d\u00e9velopper leurs propres cadres, n\u00e9cessaires pour adopter la strat\u00e9gie de vente directe d\u2019alcool aux consommateurs d\u2019ici mai\u00a02026.<\/li>\n<\/ul>\n\n\n\n<p>Les ministres ont \u00e9galement discut\u00e9 des efforts importants d\u00e9ploy\u00e9s par de nombreuses administrations pour faire progresser leurs objectifs en mati\u00e8re de commerce int\u00e9rieur gr\u00e2ce \u00e0 des mesures l\u00e9gislatives et \u00e0 des PE.<\/p>\n\n\n\n<p>Des progr\u00e8s importants ont \u00e9t\u00e9 r\u00e9alis\u00e9s et les ministres restent d\u00e9termin\u00e9s \u00e0 poursuivre sur leur lanc\u00e9e et \u00e0 approfondir l\u2019int\u00e9gration du march\u00e9 int\u00e9rieur canadien. La prochaine r\u00e9union du CCI se tiendra virtuellement, avant la tenue d\u2019une r\u00e9union en personne \u00e0 Yellowknife en novembre prochain.<\/p>\n\n\n\n<p>*De plus amples renseignements figurent dans le document d\u2019information.<\/p>\n\n\n\n<p><a href=\"https:\/\/www.cfta-alec.ca\/wp-content\/uploads\/2025\/07\/Document-dinformation-Rencontre-CCI-8-juillet-2025.pdf\"><strong>LIEN AU DOCUMENT D&rsquo;INFORMATION<\/strong><\/a><\/p>\n\n\n\n<p><\/p>\n","protected":false},"excerpt":{"rendered":"<p>De gauche \u00e0 droite, rang\u00e9e arri\u00e8re : Denis Mahoney (Terre-Neuve-et-Labrador), le ministre Ranj Pillai (Yukon), le ministre Jamie Moses (Manitoba), la ministre Diana Gibson (Colombie-Britannique), le ministre John Lohr (Nouvelle-\u00c9cosse), le ministre Warren Kaeding (Saskatchewan), le ministre David Akeeagok (Nunavut). De gauche \u00e0 droite, au premier rang : le ministre Jean-Claude D\u2019Amours (Nouveau-Brunswick), le ministre Victor Fedeli (Ontario), la ministre &#8230; <a href=\"https:\/\/www.cfta-alec.ca\/fr\/communique-reunion-du-comite-du-commerce-interieur-du-8-juillet-2025\" class=\"more-link\">Read More<\/a><\/p>\n","protected":false},"author":4,"featured_media":0,"comment_status":"closed","ping_status":"closed","sticky":false,"template":"","format":"standard","meta":{"_acf_changed":false,"footnotes":""},"categories":[3],"tags":[],"class_list":["post-249869","post","type-post","status-publish","format-standard","hentry","category-nouvelles","no-post-thumbnail"],"acf":[],"_links":{"self":[{"href":"https:\/\/www.cfta-alec.ca\/fr\/wp-json\/wp\/v2\/posts\/249869"}],"collection":[{"href":"https:\/\/www.cfta-alec.ca\/fr\/wp-json\/wp\/v2\/posts"}],"about":[{"href":"https:\/\/www.cfta-alec.ca\/fr\/wp-json\/wp\/v2\/types\/post"}],"author":[{"embeddable":true,"href":"https:\/\/www.cfta-alec.ca\/fr\/wp-json\/wp\/v2\/users\/4"}],"replies":[{"embeddable":true,"href":"https:\/\/www.cfta-alec.ca\/fr\/wp-json\/wp\/v2\/comments?post=249869"}],"version-history":[{"count":6,"href":"https:\/\/www.cfta-alec.ca\/fr\/wp-json\/wp\/v2\/posts\/249869\/revisions"}],"predecessor-version":[{"id":249879,"href":"https:\/\/www.cfta-alec.ca\/fr\/wp-json\/wp\/v2\/posts\/249869\/revisions\/249879"}],"wp:attachment":[{"href":"https:\/\/www.cfta-alec.ca\/fr\/wp-json\/wp\/v2\/media?parent=249869"}],"wp:term":[{"taxonomy":"category","embeddable":true,"href":"https:\/\/www.cfta-alec.ca\/fr\/wp-json\/wp\/v2\/categories?post=249869"},{"taxonomy":"post_tag","embeddable":true,"href":"https:\/\/www.cfta-alec.ca\/fr\/wp-json\/wp\/v2\/tags?post=249869"}],"curies":[{"name":"wp","href":"https:\/\/api.w.org\/{rel}","templated":true}]}}