{"id":245769,"date":"2025-02-11T11:16:52","date_gmt":"2025-02-11T17:16:52","guid":{"rendered":"https:\/\/www.cfta-alec.ca\/?p=245769"},"modified":"2025-02-11T11:16:54","modified_gmt":"2025-02-11T17:16:54","slug":"les-parties-de-laccord-de-libre-echange-canadien-lancent-un-portail-de-mobilisation-publique-lie-au-commerce-interieur","status":"publish","type":"post","link":"https:\/\/www.cfta-alec.ca\/fr\/les-parties-de-laccord-de-libre-echange-canadien-lancent-un-portail-de-mobilisation-publique-lie-au-commerce-interieur","title":{"rendered":"LES PARTIES DE L\u2019ACCORD DE LIBRE-\u00c9CHANGE CANADIEN LANCENT UN PORTAIL DE MOBILISATION PUBLIQUE LI\u00c9 AU COMMERCE INT\u00c9RIEUR"},"content":{"rendered":"\n<p><strong>Le 11 f\u00e9vrier 2025<\/strong> \u2013 Les Parties de l\u2019Accord de libre-\u00e9change canadien (ALEC) ont lanc\u00e9 un <a href=\"https:\/\/www.cfta-alec.ca\/fr\/partagez-votre-experience\">nouveau portail en ligne<\/a> qui permettra aux entreprises et aux travaillants canadiens de fournir des commentaires sur les enjeux li\u00e9s au commerce int\u00e9rieur qui ont la plus grande incidence sur eux.<\/p>\n\n\n\n<p>Les gouvernements f\u00e9d\u00e9ral, provinciaux et territoriaux s\u2019efforcent d\u2019am\u00e9liorer le commerce int\u00e9rieur au Canada. La portail agit \u00e0 titre de point d\u2019entr\u00e9e unique qui permet aux membres du public d\u2019interagir avec les repr\u00e9sentants du commerce int\u00e9rieur, de fournir des points de vue utiles au sujet des activit\u00e9s commerciales dans toutes les provinces et de contribuer \u00e0 fa\u00e7onner l\u2019avenir du commerce int\u00e9rieur au Canada.<\/p>\n\n\n\n<p>En nous faisant part de leurs r\u00e9ussites et de leurs d\u00e9fis, les Canadiens nous offrent des renseignements essentiels qui nous aideront \u00e0 veiller \u00e0 ce que l\u2019ALEC r\u00e9ponde aux besoins changeants des entreprises et des travailleurs dans l\u2019ensemble du pays.<\/p>\n\n\n\n<p>Les pr\u00e9cieux commentaires recueillis gr\u00e2ce au portail permettront aux repr\u00e9sentants du commerce de mieux comprendre les domaines de l\u2019ALEC qui fonctionnent bien et ceux qui pourraient \u00eatre am\u00e9lior\u00e9s.<\/p>\n\n\n\n<p>Les Canadiens peuvent aussi utiliser le portail pour communiquer directement avec les repr\u00e9sentants du commerce int\u00e9rieur pour obtenir de l\u2019aide au sujet de leurs questions ou de leurs pr\u00e9occupations \u00e0 propos du commerce int\u00e9rieur. L\u2019ALEC facilite la libre circulation des produits, des services, des investissements et des travaillants \u00e0 l\u2019int\u00e9rieur du Canada. Pour vous joindre \u00e0 la conversation sur le commerce int\u00e9rieur et faire part de vos points de vue, veuillez visiter le nouveau portail en ligne <a href=\"https:\/\/www.cfta-alec.ca\/fr\/partagez-votre-experience\">ici<\/a>.<\/p>\n","protected":false},"excerpt":{"rendered":"<p>Le 11 f\u00e9vrier 2025 \u2013 Les Parties de l\u2019Accord de libre-\u00e9change canadien (ALEC) ont lanc\u00e9 un nouveau portail en ligne qui permettra aux entreprises et aux travaillants canadiens de fournir des commentaires sur les enjeux li\u00e9s au commerce int\u00e9rieur qui ont la plus grande incidence sur eux. Les gouvernements f\u00e9d\u00e9ral, provinciaux et territoriaux s\u2019efforcent d\u2019am\u00e9liorer le commerce int\u00e9rieur au Canada. &#8230; <a href=\"https:\/\/www.cfta-alec.ca\/fr\/les-parties-de-laccord-de-libre-echange-canadien-lancent-un-portail-de-mobilisation-publique-lie-au-commerce-interieur\" class=\"more-link\">Read More<\/a><\/p>\n","protected":false},"author":4,"featured_media":0,"comment_status":"closed","ping_status":"closed","sticky":false,"template":"","format":"standard","meta":{"_acf_changed":false,"footnotes":""},"categories":[3],"tags":[],"class_list":["post-245769","post","type-post","status-publish","format-standard","hentry","category-nouvelles","no-post-thumbnail"],"acf":[],"_links":{"self":[{"href":"https:\/\/www.cfta-alec.ca\/fr\/wp-json\/wp\/v2\/posts\/245769"}],"collection":[{"href":"https:\/\/www.cfta-alec.ca\/fr\/wp-json\/wp\/v2\/posts"}],"about":[{"href":"https:\/\/www.cfta-alec.ca\/fr\/wp-json\/wp\/v2\/types\/post"}],"author":[{"embeddable":true,"href":"https:\/\/www.cfta-alec.ca\/fr\/wp-json\/wp\/v2\/users\/4"}],"replies":[{"embeddable":true,"href":"https:\/\/www.cfta-alec.ca\/fr\/wp-json\/wp\/v2\/comments?post=245769"}],"version-history":[{"count":1,"href":"https:\/\/www.cfta-alec.ca\/fr\/wp-json\/wp\/v2\/posts\/245769\/revisions"}],"predecessor-version":[{"id":245771,"href":"https:\/\/www.cfta-alec.ca\/fr\/wp-json\/wp\/v2\/posts\/245769\/revisions\/245771"}],"wp:attachment":[{"href":"https:\/\/www.cfta-alec.ca\/fr\/wp-json\/wp\/v2\/media?parent=245769"}],"wp:term":[{"taxonomy":"category","embeddable":true,"href":"https:\/\/www.cfta-alec.ca\/fr\/wp-json\/wp\/v2\/categories?post=245769"},{"taxonomy":"post_tag","embeddable":true,"href":"https:\/\/www.cfta-alec.ca\/fr\/wp-json\/wp\/v2\/tags?post=245769"}],"curies":[{"name":"wp","href":"https:\/\/api.w.org\/{rel}","templated":true}]}}