{"id":245586,"date":"2025-01-31T16:26:36","date_gmt":"2025-01-31T22:26:36","guid":{"rendered":"https:\/\/www.cfta-alec.ca\/?p=245586"},"modified":"2025-02-06T17:13:14","modified_gmt":"2025-02-06T23:13:14","slug":"enonce-des-ministres-du-comite-du-commerce-interieur-le-31-janvier-2025","status":"publish","type":"post","link":"https:\/\/www.cfta-alec.ca\/fr\/enonce-des-ministres-du-comite-du-commerce-interieur-le-31-janvier-2025","title":{"rendered":"\u00c9NONC\u00c9 DES MINISTRES DU COMIT\u00c9 DU COMMERCE INT\u00c9RIEUR \u2013 LE 31\u00a0JANVIER\u00a02025"},"content":{"rendered":"\n<figure class=\"wp-block-gallery has-nested-images columns-default is-cropped wp-block-gallery-1 is-layout-flex wp-block-gallery-is-layout-flex\">\n<figure class=\"wp-block-image size-large\"><img decoding=\"async\" width=\"1024\" height=\"683\" data-id=\"245598\" src=\"https:\/\/www.cfta-alec.ca\/wp-content\/uploads\/2025\/01\/CIT-Meeting-January-31-2025-Minister-Picture-2-1-1024x683.jpg\" alt=\"\" class=\"wp-image-245598\" srcset=\"https:\/\/www.cfta-alec.ca\/wp-content\/uploads\/2025\/01\/CIT-Meeting-January-31-2025-Minister-Picture-2-1-1024x683.jpg 1024w, https:\/\/www.cfta-alec.ca\/wp-content\/uploads\/2025\/01\/CIT-Meeting-January-31-2025-Minister-Picture-2-1-300x200.jpg 300w, https:\/\/www.cfta-alec.ca\/wp-content\/uploads\/2025\/01\/CIT-Meeting-January-31-2025-Minister-Picture-2-1-768x512.jpg 768w, https:\/\/www.cfta-alec.ca\/wp-content\/uploads\/2025\/01\/CIT-Meeting-January-31-2025-Minister-Picture-2-1-1536x1024.jpg 1536w, https:\/\/www.cfta-alec.ca\/wp-content\/uploads\/2025\/01\/CIT-Meeting-January-31-2025-Minister-Picture-2-1-2048x1365.jpg 2048w, https:\/\/www.cfta-alec.ca\/wp-content\/uploads\/2025\/01\/CIT-Meeting-January-31-2025-Minister-Picture-2-1-100x67.jpg 100w, https:\/\/www.cfta-alec.ca\/wp-content\/uploads\/2025\/01\/CIT-Meeting-January-31-2025-Minister-Picture-2-1-1424x949.jpg 1424w\" sizes=\"(max-width: 1024px) 100vw, 1024px\" \/><\/figure>\n<\/figure>\n\n\n\n<p><em>De gauche \u00e0 droite : Monsieur Victor Fedeli (Ontario), Monsieur Cory Deagle (\u00cele-du-Prince-\u00c9douard), Monsieur Christopher Skeete (Qu\u00e9bec), Monsieur Sandy Silver (Yukon), Madame Siobhan Coady (Terre-Neuve-et-Labrador), Madame Diana Gibson (Colombie-Britannique), Madame Anita Anand (Canada), Monsieur Warren Kaeding (Saskatchewan), Madame Caitlin Cleveland (Territoires du Nord-Ouest), Monsieur David Akeeagok (Nunavut), Monsieur Matt Jones (Alberta), Monsieur Jean-Claude D\u2019Amours (Nouveau-Brunswick), et Monsieur Jamie Moses (Manitoba).<\/em><\/p>\n\n\n\n<p><strong>Toronto (Ontario) &#8211; le 31 janvier 2025<\/strong><\/p>\n\n\n\n<p>Le Canada traverse actuellement une p\u00e9riode d\u2019incertitude \u00e9conomique et g\u00e9opolitique sans pr\u00e9c\u00e9dent. L\u2019instabilit\u00e9 mondiale, les changements de dynamiques commerciales et la menace imminente de tarifs de 25&nbsp;% sur tous les produits canadiens soulignent la n\u00e9cessit\u00e9 de prendre des mesures audacieuses et d\u00e9cisives. Le moment est venu de continuer \u00e0 renforcer notre march\u00e9 int\u00e9rieur, \u00e0 r\u00e9duire les obstacles au commerce int\u00e9rieur et \u00e0 cr\u00e9er de nouvelles possibilit\u00e9s en appui aux entreprises, aux communaut\u00e9s et aux travailleurs canadiens.<\/p>\n\n\n\n<p>\u00c0 la demande des premiers ministres du Canada, le Comit\u00e9 du commerce int\u00e9rieur s\u2019est r\u00e9uni \u00e0 Toronto aujourd\u2019hui, le 31&nbsp;janvier&nbsp;2025, dans le but d\u2019entretenir des discussions s\u00e9rieuses orient\u00e9es vers &nbsp;l\u2019avancement de mesures concr\u00e8tes visant \u00e0 faciliter le commerce int\u00e9rieur et \u00e0 renforcer l\u2019\u00e9conomie du Canada. Ces discussions t\u00e9moignent de notre engagement collectif \u00e0 favoriser la croissance \u00e9conomique, \u00e0 promouvoir la r\u00e9silience face aux menaces externes, et \u00e0 \u00e9largir les possibilit\u00e9s offertes aux &nbsp;Canadiens dans toutes les r\u00e9gions du Canada.<\/p>\n\n\n\n<p>Pr\u00e9sid\u00e9e par la ministre&nbsp;Cleveland du gouvernement des Territoires du Nord-Ouest, la r\u00e9union a \u00e9t\u00e9 \u00e0 la fois constructive et collaborative. Nous y avons soulign\u00e9 l\u2019importance pour les gouvernements f\u00e9d\u00e9ral, provinciaux et territoriaux d\u2019adopter une approche commune afin de promouvoir le commerce int\u00e9rieur, et veiller \u00e0 permettre aux entreprises et aux travailleurs canadiens de prosp\u00e9rer dans une \u00e9conomie mondiale de plus en plus comp\u00e9titive.&nbsp;<\/p>\n\n\n\n<p>Dans le cadre de nos d\u00e9lib\u00e9rations, nous avons discut\u00e9 de l\u2019am\u00e9lioration du commerce int\u00e9rieur au Canada, notamment de l\u2019Accord de libre-\u00e9change canadien, de la reconnaissance mutuelle, de la mobilit\u00e9 de la main-d\u2019\u0153uvre et d\u2019autres priorit\u00e9s sectorielles qui permettront de faire des affaires plus ais\u00e9ment au Canada. La prochaine \u00e9tape \u00e0 la suite de ces discussions, enrichies par notre esprit de collaboration et notre bonne foi, consistera \u00e0 faire part de recommandations s\u00e9rieuses aux premiers ministres.&nbsp;Nous nous sommes \u00e9galement engag\u00e9s \u00e0 tenir une r\u00e9union de suivi pour maintenir les avanc\u00e9es.&nbsp;<\/p>\n\n\n\n<p>Cette r\u00e9union marque un pas important vers la concr\u00e9tisation d\u2019un march\u00e9 canadien int\u00e9rieur plus ouvert et int\u00e9gr\u00e9. Nous sommes d\u00e9termin\u00e9s \u00e0 poursuivre sur cette lanc\u00e9e, et les discussions et les recommandations convenues aujourd\u2019hui pavent la voie \u00e0 la poursuite des progr\u00e8s.<\/p>\n","protected":false},"excerpt":{"rendered":"<p>De gauche \u00e0 droite : Monsieur Victor Fedeli (Ontario), Monsieur Cory Deagle (\u00cele-du-Prince-\u00c9douard), Monsieur Christopher Skeete (Qu\u00e9bec), Monsieur Sandy Silver (Yukon), Madame Siobhan Coady (Terre-Neuve-et-Labrador), Madame Diana Gibson (Colombie-Britannique), Madame Anita Anand (Canada), Monsieur Warren Kaeding (Saskatchewan), Madame Caitlin Cleveland (Territoires du Nord-Ouest), Monsieur David Akeeagok (Nunavut), Monsieur Matt Jones (Alberta), Monsieur Jean-Claude D\u2019Amours (Nouveau-Brunswick), et Monsieur Jamie Moses (Manitoba). &#8230; <a href=\"https:\/\/www.cfta-alec.ca\/fr\/enonce-des-ministres-du-comite-du-commerce-interieur-le-31-janvier-2025\" class=\"more-link\">Read More<\/a><\/p>\n","protected":false},"author":654,"featured_media":0,"comment_status":"closed","ping_status":"closed","sticky":false,"template":"","format":"standard","meta":{"_acf_changed":false,"footnotes":""},"categories":[3],"tags":[],"class_list":["post-245586","post","type-post","status-publish","format-standard","hentry","category-nouvelles","no-post-thumbnail"],"acf":[],"_links":{"self":[{"href":"https:\/\/www.cfta-alec.ca\/fr\/wp-json\/wp\/v2\/posts\/245586"}],"collection":[{"href":"https:\/\/www.cfta-alec.ca\/fr\/wp-json\/wp\/v2\/posts"}],"about":[{"href":"https:\/\/www.cfta-alec.ca\/fr\/wp-json\/wp\/v2\/types\/post"}],"author":[{"embeddable":true,"href":"https:\/\/www.cfta-alec.ca\/fr\/wp-json\/wp\/v2\/users\/654"}],"replies":[{"embeddable":true,"href":"https:\/\/www.cfta-alec.ca\/fr\/wp-json\/wp\/v2\/comments?post=245586"}],"version-history":[{"count":3,"href":"https:\/\/www.cfta-alec.ca\/fr\/wp-json\/wp\/v2\/posts\/245586\/revisions"}],"predecessor-version":[{"id":245690,"href":"https:\/\/www.cfta-alec.ca\/fr\/wp-json\/wp\/v2\/posts\/245586\/revisions\/245690"}],"wp:attachment":[{"href":"https:\/\/www.cfta-alec.ca\/fr\/wp-json\/wp\/v2\/media?parent=245586"}],"wp:term":[{"taxonomy":"category","embeddable":true,"href":"https:\/\/www.cfta-alec.ca\/fr\/wp-json\/wp\/v2\/categories?post=245586"},{"taxonomy":"post_tag","embeddable":true,"href":"https:\/\/www.cfta-alec.ca\/fr\/wp-json\/wp\/v2\/tags?post=245586"}],"curies":[{"name":"wp","href":"https:\/\/api.w.org\/{rel}","templated":true}]}}