{"id":242005,"date":"2024-09-26T12:56:20","date_gmt":"2024-09-26T17:56:20","guid":{"rendered":"https:\/\/www.cfta-alec.ca\/?p=242005"},"modified":"2024-11-12T15:26:58","modified_gmt":"2024-11-12T21:26:58","slug":"reunion-des-ministres-pour-faire-progresser-le-commerce-interieur","status":"publish","type":"post","link":"https:\/\/www.cfta-alec.ca\/fr\/reunion-des-ministres-pour-faire-progresser-le-commerce-interieur","title":{"rendered":"R\u00c9UNION DES MINISTRES POUR FAIRE PROGRESSER LE COMMERCE INT\u00c9RIEUR"},"content":{"rendered":"\n<figure class=\"wp-block-image size-large\"><img decoding=\"async\" width=\"1024\" height=\"682\" src=\"https:\/\/www.cfta-alec.ca\/wp-content\/uploads\/2024\/09\/EJC09250-Web-1024x682.jpg\" alt=\"\" class=\"wp-image-242024\" srcset=\"https:\/\/www.cfta-alec.ca\/wp-content\/uploads\/2024\/09\/EJC09250-Web-1024x682.jpg 1024w, https:\/\/www.cfta-alec.ca\/wp-content\/uploads\/2024\/09\/EJC09250-Web-300x200.jpg 300w, https:\/\/www.cfta-alec.ca\/wp-content\/uploads\/2024\/09\/EJC09250-Web-768x512.jpg 768w, https:\/\/www.cfta-alec.ca\/wp-content\/uploads\/2024\/09\/EJC09250-Web-100x67.jpg 100w, https:\/\/www.cfta-alec.ca\/wp-content\/uploads\/2024\/09\/EJC09250-Web.jpg 1280w\" sizes=\"(max-width: 1024px) 100vw, 1024px\" \/><\/figure>\n\n\n\n<p><strong>Charlottetown (\u00ce.-P.-\u00c9.) \u2013 le 26&nbsp;septembre 2024<\/strong><\/p>\n\n\n\n<p>Des ministres f\u00e9d\u00e9raux, provinciaux et territoriaux se sont r\u00e9unis aujourd\u2019hui \u00e0 Charlottetown \u00e0 l\u2019occasion de la r\u00e9union annuelle du Comit\u00e9 du commerce int\u00e9rieur (CCI). Pr\u00e9sid\u00e9e par l\u2019honorable Gilles&nbsp;Arsenault, ministre du D\u00e9veloppement \u00e9conomique, de l\u2019Innovation et du Commerce de l\u2019\u00cele\u2011du\u2011Prince\u2011\u00c9douard, la r\u00e9union de cette ann\u00e9e portait sur diverses initiatives visant \u00e0 am\u00e9liorer la circulation des biens, des services, des investissements et des travailleurs au Canada.<\/p>\n\n\n\n<p>Les ministres conviennent qu\u2019il est essentiel de renforcer les march\u00e9s int\u00e9rieurs pour am\u00e9liorer la productivit\u00e9, soutenir une croissance \u00e9conomique durable, renforcer l\u2019efficacit\u00e9 de la cha\u00eene d\u2019approvisionnement, cr\u00e9er des emplois et r\u00e9duire les enjeux d\u2019abordabilit\u00e9.<\/p>\n\n\n\n<p>Pour mener \u00e0 bien ces priorit\u00e9s, les ministres ont approuv\u00e9 le <a href=\"https:\/\/www.cfta-alec.ca\/wp-content\/uploads\/2024\/11\/Napperon-PACI-Approuve-par-le-CCI-Revise.pdf\">Plan d\u2019action sur le commerce int\u00e9rieur\u00a02024\u20112027<\/a>, qui facilitera davantage le commerce int\u00e9rieur. Le Plan vise \u00e0\u00a0:<\/p>\n\n\n\n<ul class=\"wp-block-list\">\n<li>r\u00e9duire le fardeau r\u00e9glementaire et administratif afin de cr\u00e9er de nouvelles possibilit\u00e9s de commerce entre les provinces et les territoires, pour les entreprises au Canada;<\/li>\n\n\n\n<li>promouvoir les atouts de l\u2019environnement commercial au Canada pour appuyer l\u2019avantage \u00e9conomique canadien;<\/li>\n\n\n\n<li>am\u00e9liorer la communication avec les intervenants en mati\u00e8re de commerce int\u00e9rieur pour aider \u00e0 orienter et \u00e0 prioriser les efforts des &nbsp;gouvernements pour cr\u00e9er de nouvelles opportunit\u00e9s commerciales;<\/li>\n\n\n\n<li>renforcer la collaboration entre les gouvernements pour accro\u00eetre la mobilit\u00e9 de la main\u2011d\u2019\u0153uvre et faciliter davantage la circulation des travailleurs qualifi\u00e9s partout au Canada.<\/li>\n<\/ul>\n\n\n\n<p>Les ministres reconnaissent que des r\u00e9seaux de transport s\u00e9curitaires et robustes sont n\u00e9cessaires \u00e0 la circulation efficace et fiable des marchandises partout au Canada, laquelle est essentiel \u00e0 la comp\u00e9titivit\u00e9 et \u00e0 la productivit\u00e9 du Canada et au niveau de vie de ses habitants.<\/p>\n\n\n\n<p>Les ministres ont appuy\u00e9 l\u2019\u00e9laboration d\u2019un projet pilote de reconnaissance mutuelle dans le secteur du camionnage, avec les gouvernements du Canada, de l\u2019Ontario, de la Nouvelle-\u00c9cosse, du Manitoba, de l\u2019\u00cele-du-Prince-\u00c9douard, de la Saskatchewan, de l\u2019Alberta, de Terre-Neuve-et-Labrador, des Territoires du Nord-Ouest, du Yukon et du Nunavut participant \u00e0 ce projet pilote, afin d\u2019explorer les possibilit\u00e9s de reconnaissance mutuelle de leurs r\u00e9glementations, tout en veillant \u00e0 ce que les niveaux de s\u00e9curit\u00e9 soient maintenus ou renforc\u00e9s. Ce projet doit \u00eatre entrepris en collaboration avec les ministres des Transports des gouvernements participants et pourrait comprendre des mesures telles que les exigences m\u00e9dicales pour les conducteurs, les exigences en mati\u00e8re de formation, les d\u00e9finitions d\u2019heures de services et les exigences de signalisation pour les v\u00e9hicules surdimensionn\u00e9s, et sera copr\u00e9sid\u00e9 par le gouvernement du Canada et Terre-Neuve-et-Labrador. Les gouvernements participants rendront compte des progr\u00e8s r\u00e9alis\u00e9s d\u2019ici la r\u00e9union de 2025 du CCI.<\/p>\n\n\n\n<p><\/p>\n\n\n\n<p>Les ministres se sont \u00e9galement engag\u00e9s \u00e0 simplifier l\u2019acc\u00e8s aux opportunit\u00e9s en mati\u00e8re de march\u00e9s publics, pour le b\u00e9n\u00e9fice des entreprises de toutes tailles partout au Canada, gr\u00e2ce \u00e0 l\u2019expansion de la plateforme <a href=\"https:\/\/achatscanada.canada.ca\/fr\" target=\"_blank\" rel=\"noopener\">AchatsCanada<\/a>. Ce point d\u2019acc\u00e8s unique pour les entreprises comprendra, d\u2019ici septembre 2026, les appels d\u2019offres publics f\u00e9d\u00e9raux, provinciaux ou territoriaux vis\u00e9s par l\u2019Accord de libre-\u00e9change canadien (ALEC).<\/p>\n\n\n\n<p>Steve Verheul a expos\u00e9 aux ministres les incidences potentielles de l\u2019\u00e9lection pr\u00e9sidentielle qui aura lieu prochainement aux \u00c9tats-Unis&nbsp;sur le commerce int\u00e9rieur du Canada. M. Verheul a agi en tant que n\u00e9gociateur commercial en chef du Canada de 2017 \u00e0 2021 et, plus r\u00e9cemment, en tant que conseiller sp\u00e9cial en mati\u00e8re de politiques commerciales pour le sous-ministre des Finances du Canada.<\/p>\n\n\n\n<p>Le ministre Arsenault a termin\u00e9 la r\u00e9union en soulignant de nouveau le r\u00f4le important que le Plan d\u2019action jouera pour ce qui est de garantir une \u00e9conomie interne robuste et productive au Canada.<\/p>\n\n\n\n<p>L\u2019honorable Caitlin&nbsp;Cleveland, ministre de l\u2019Industrie, du Tourisme et de l\u2019Investissement des Territoires du Nord\u2011Ouest, pr\u00e9sidera la prochaine r\u00e9union annuelle du CCI, \u00e0 la fin de 2025, dans le cadre de laquelle des ministres f\u00e9d\u00e9raux, provinciaux et territoriaux se r\u00e9uniront \u00e0 Yellowknife.<\/p>\n\n\n\n<p><em>En raison des \u00e9lections provinciales, le gouvernement du Nouveau-Brunswick n\u2019a pas pris part \u00e0 la rencontre et le gouvernement de la Colombie-Britannique a particip\u00e9 \u00e0 titre d\u2019observateur.<\/em><\/p>\n\n\n\n<p><strong>\u00c0 propos de l\u2019ALEC : <\/strong><\/p>\n\n\n\n<p>L\u2019objectif global de l\u2019ALEC est d\u2019instaurer un march\u00e9 int\u00e9rieur ouvert, performant et stable et de promouvoir la cr\u00e9ation d\u2019emplois, la croissance \u00e9conomique et la stabilit\u00e9 \u00e0 long terme dans l\u2019ensemble des provinces et des territoires du Canada en r\u00e9duisant et en \u00e9liminant, dans la mesure du possible, les obstacles \u00e0 la libre circulation des personnes, des biens, des services et des investissements au Canada.<\/p>\n\n\n\n<p><strong>\u00c0 propos du CCI :<\/strong><\/p>\n\n\n\n<p>Le CCI est une table minist\u00e9rielle \u00e9tablie dans le cadre de l\u2019ALEC pour superviser la mise en \u0153uvre de l\u2019ALEC. Il est compos\u00e9 de repr\u00e9sentants des 13&nbsp;provinces et territoires du Canada et du gouvernement f\u00e9d\u00e9ral. Ses membres se r\u00e9unissent une fois par ann\u00e9e, et selon les besoins, pour \u00e9valuer l\u2019environnement du commerce int\u00e9rieur du Canada et examiner les progr\u00e8s r\u00e9alis\u00e9s dans le cadre de l\u2019ALEC. Le gouvernement h\u00f4te et le pr\u00e9sident changent chaque ann\u00e9e, et les d\u00e9cisions sont prises par consensus de toutes les parties.<\/p>\n\n\n\n<p><\/p>\n\n\n\n<p><\/p>\n","protected":false},"excerpt":{"rendered":"<p>Charlottetown (\u00ce.-P.-\u00c9.) \u2013 le 26&nbsp;septembre 2024 Des ministres f\u00e9d\u00e9raux, provinciaux et territoriaux se sont r\u00e9unis aujourd\u2019hui \u00e0 Charlottetown \u00e0 l\u2019occasion de la r\u00e9union annuelle du Comit\u00e9 du commerce int\u00e9rieur (CCI). Pr\u00e9sid\u00e9e par l\u2019honorable Gilles&nbsp;Arsenault, ministre du D\u00e9veloppement \u00e9conomique, de l\u2019Innovation et du Commerce de l\u2019\u00cele\u2011du\u2011Prince\u2011\u00c9douard, la r\u00e9union de cette ann\u00e9e portait sur diverses initiatives visant \u00e0 am\u00e9liorer la circulation des &#8230; <a href=\"https:\/\/www.cfta-alec.ca\/fr\/reunion-des-ministres-pour-faire-progresser-le-commerce-interieur\" class=\"more-link\">Read More<\/a><\/p>\n","protected":false},"author":654,"featured_media":0,"comment_status":"closed","ping_status":"closed","sticky":false,"template":"","format":"standard","meta":{"_acf_changed":false,"footnotes":""},"categories":[3],"tags":[],"class_list":["post-242005","post","type-post","status-publish","format-standard","hentry","category-nouvelles","no-post-thumbnail"],"acf":[],"_links":{"self":[{"href":"https:\/\/www.cfta-alec.ca\/fr\/wp-json\/wp\/v2\/posts\/242005"}],"collection":[{"href":"https:\/\/www.cfta-alec.ca\/fr\/wp-json\/wp\/v2\/posts"}],"about":[{"href":"https:\/\/www.cfta-alec.ca\/fr\/wp-json\/wp\/v2\/types\/post"}],"author":[{"embeddable":true,"href":"https:\/\/www.cfta-alec.ca\/fr\/wp-json\/wp\/v2\/users\/654"}],"replies":[{"embeddable":true,"href":"https:\/\/www.cfta-alec.ca\/fr\/wp-json\/wp\/v2\/comments?post=242005"}],"version-history":[{"count":8,"href":"https:\/\/www.cfta-alec.ca\/fr\/wp-json\/wp\/v2\/posts\/242005\/revisions"}],"predecessor-version":[{"id":243900,"href":"https:\/\/www.cfta-alec.ca\/fr\/wp-json\/wp\/v2\/posts\/242005\/revisions\/243900"}],"wp:attachment":[{"href":"https:\/\/www.cfta-alec.ca\/fr\/wp-json\/wp\/v2\/media?parent=242005"}],"wp:term":[{"taxonomy":"category","embeddable":true,"href":"https:\/\/www.cfta-alec.ca\/fr\/wp-json\/wp\/v2\/categories?post=242005"},{"taxonomy":"post_tag","embeddable":true,"href":"https:\/\/www.cfta-alec.ca\/fr\/wp-json\/wp\/v2\/tags?post=242005"}],"curies":[{"name":"wp","href":"https:\/\/api.w.org\/{rel}","templated":true}]}}