{"id":238683,"date":"2017-08-29T15:23:42","date_gmt":"2017-08-29T15:23:42","guid":{"rendered":"https:\/\/www.cfta-alec.ca\/alberta-serves-notice-appeal-regarding-final-panel-report-trade-dispute-artisan-ales-government-alberta\/"},"modified":"2025-02-07T15:12:22","modified_gmt":"2025-02-07T21:12:22","slug":"lalberta-signifie-un-avis-dappel-concernant-le-rapport-final-du-groupe-special-portant-sur-un-differend-commercial-entre-artisan-ales-et-le-gouvernement-de-lalberta","status":"publish","type":"post","link":"https:\/\/www.cfta-alec.ca\/fr\/lalberta-signifie-un-avis-dappel-concernant-le-rapport-final-du-groupe-special-portant-sur-un-differend-commercial-entre-artisan-ales-et-le-gouvernement-de-lalberta","title":{"rendered":"L\u2019ALBERTA SIGNIFIE UN AVIS D\u2019APPEL CONCERNANT LE RAPPORT FINAL DU GROUPE SP\u00c9CIAL PORTANT SUR UN DIFF\u00c9REND COMMERCIAL ENTRE ARTISAN ALES ET LE GOUVERNEMENT DE L\u2019ALBERTA"},"content":{"rendered":"\n<p><strong>Winnipeg, le 29 ao\u00fbt 2017<\/strong>&nbsp;\u2013 Le gouvernement de l\u2019Alberta a signifi\u00e9 un avis d\u2019appel au Secr\u00e9tariat du commerce int\u00e9rieur le 28 ao\u00fbt 2017 concernant une d\u00e9cision du groupe sp\u00e9cial constitu\u00e9 en vertu de l\u2019<em>Accord sur le commerce int\u00e9rieur (ACI)<\/em>&nbsp;dans le cadre d\u2019un diff\u00e9rend entre Artisan Ales Inc. et le Gouvernement de l\u2019Alberta.<\/p>\n","protected":false},"excerpt":{"rendered":"<p>Winnipeg, le 29 ao\u00fbt 2017&nbsp;\u2013 Le gouvernement de l\u2019Alberta a signifi\u00e9 un avis d\u2019appel au Secr\u00e9tariat du commerce int\u00e9rieur le 28 ao\u00fbt 2017 concernant une d\u00e9cision du groupe sp\u00e9cial constitu\u00e9 en vertu de l\u2019Accord sur le commerce int\u00e9rieur (ACI)&nbsp;dans le cadre d\u2019un diff\u00e9rend entre Artisan Ales Inc. et le Gouvernement de l\u2019Alberta.<\/p>\n","protected":false},"author":2,"featured_media":0,"comment_status":"closed","ping_status":"closed","sticky":false,"template":"","format":"standard","meta":{"_acf_changed":false,"footnotes":""},"categories":[3],"tags":[],"class_list":["post-238683","post","type-post","status-publish","format-standard","hentry","category-nouvelles","no-post-thumbnail"],"acf":[],"_links":{"self":[{"href":"https:\/\/www.cfta-alec.ca\/fr\/wp-json\/wp\/v2\/posts\/238683"}],"collection":[{"href":"https:\/\/www.cfta-alec.ca\/fr\/wp-json\/wp\/v2\/posts"}],"about":[{"href":"https:\/\/www.cfta-alec.ca\/fr\/wp-json\/wp\/v2\/types\/post"}],"author":[{"embeddable":true,"href":"https:\/\/www.cfta-alec.ca\/fr\/wp-json\/wp\/v2\/users\/2"}],"replies":[{"embeddable":true,"href":"https:\/\/www.cfta-alec.ca\/fr\/wp-json\/wp\/v2\/comments?post=238683"}],"version-history":[{"count":3,"href":"https:\/\/www.cfta-alec.ca\/fr\/wp-json\/wp\/v2\/posts\/238683\/revisions"}],"predecessor-version":[{"id":244342,"href":"https:\/\/www.cfta-alec.ca\/fr\/wp-json\/wp\/v2\/posts\/238683\/revisions\/244342"}],"wp:attachment":[{"href":"https:\/\/www.cfta-alec.ca\/fr\/wp-json\/wp\/v2\/media?parent=238683"}],"wp:term":[{"taxonomy":"category","embeddable":true,"href":"https:\/\/www.cfta-alec.ca\/fr\/wp-json\/wp\/v2\/categories?post=238683"},{"taxonomy":"post_tag","embeddable":true,"href":"https:\/\/www.cfta-alec.ca\/fr\/wp-json\/wp\/v2\/tags?post=238683"}],"curies":[{"name":"wp","href":"https:\/\/api.w.org\/{rel}","templated":true}]}}