{"id":238674,"date":"2023-01-18T16:07:12","date_gmt":"2023-01-18T16:07:12","guid":{"rendered":"https:\/\/www.cfta-alec.ca\/were-hiring\/"},"modified":"2024-11-21T11:17:28","modified_gmt":"2024-11-21T17:17:28","slug":"nous-embauchons","status":"publish","type":"post","link":"https:\/\/www.cfta-alec.ca\/fr\/nous-embauchons","title":{"rendered":"NOUS EMBAUCHONS!"},"content":{"rendered":"\n<p><strong>18 janvier 2023<\/strong> &#8211; <span class=\"break-words\"><span dir=\"ltr\">Le Secr\u00e9tariat du commerce int\u00e9rieur est \u00e0 la recherche d\u2019une personne bilingue et dynamique pour rejoindre notre \u00e9quipe! Veuillez consulter le lien suivant pour l\u2019offre d\u2019emplois d\u00e9taill\u00e9e:\u00a0<a href=\"\/fr\/carrieres\/\">carrieres<\/a>.\u00a0<\/span><\/span><\/p>\n\n\n\n<p><strong>(La date limite pour soumettre les candidature \u00e9tait le 3 f\u00e9vrier 2023)<\/strong><\/p>\n\n\n\n<p><\/p>\n","protected":false},"excerpt":{"rendered":"<p>18 janvier 2023 &#8211; Le Secr\u00e9tariat du commerce int\u00e9rieur est \u00e0 la recherche d\u2019une personne bilingue et dynamique pour rejoindre notre \u00e9quipe! Veuillez consulter le lien suivant pour l\u2019offre d\u2019emplois d\u00e9taill\u00e9e:\u00a0carrieres.\u00a0 (La date limite pour soumettre les candidature \u00e9tait le 3 f\u00e9vrier 2023)<\/p>\n","protected":false},"author":2,"featured_media":0,"comment_status":"closed","ping_status":"closed","sticky":false,"template":"","format":"standard","meta":{"_acf_changed":false,"footnotes":""},"categories":[3],"tags":[],"class_list":["post-238674","post","type-post","status-publish","format-standard","hentry","category-nouvelles","no-post-thumbnail"],"acf":[],"_links":{"self":[{"href":"https:\/\/www.cfta-alec.ca\/fr\/wp-json\/wp\/v2\/posts\/238674"}],"collection":[{"href":"https:\/\/www.cfta-alec.ca\/fr\/wp-json\/wp\/v2\/posts"}],"about":[{"href":"https:\/\/www.cfta-alec.ca\/fr\/wp-json\/wp\/v2\/types\/post"}],"author":[{"embeddable":true,"href":"https:\/\/www.cfta-alec.ca\/fr\/wp-json\/wp\/v2\/users\/2"}],"replies":[{"embeddable":true,"href":"https:\/\/www.cfta-alec.ca\/fr\/wp-json\/wp\/v2\/comments?post=238674"}],"version-history":[{"count":2,"href":"https:\/\/www.cfta-alec.ca\/fr\/wp-json\/wp\/v2\/posts\/238674\/revisions"}],"predecessor-version":[{"id":244401,"href":"https:\/\/www.cfta-alec.ca\/fr\/wp-json\/wp\/v2\/posts\/238674\/revisions\/244401"}],"wp:attachment":[{"href":"https:\/\/www.cfta-alec.ca\/fr\/wp-json\/wp\/v2\/media?parent=238674"}],"wp:term":[{"taxonomy":"category","embeddable":true,"href":"https:\/\/www.cfta-alec.ca\/fr\/wp-json\/wp\/v2\/categories?post=238674"},{"taxonomy":"post_tag","embeddable":true,"href":"https:\/\/www.cfta-alec.ca\/fr\/wp-json\/wp\/v2\/tags?post=238674"}],"curies":[{"name":"wp","href":"https:\/\/api.w.org\/{rel}","templated":true}]}}