{"id":238578,"date":"2020-01-15T14:50:00","date_gmt":"2020-01-15T20:50:00","guid":{"rendered":"https:\/\/www.cfta-alec.ca\/?p=238578"},"modified":"2024-11-21T11:26:44","modified_gmt":"2024-11-21T17:26:44","slug":"actualite-modification-apportee-a-laccord-de-libre-echange-canadien","status":"publish","type":"post","link":"https:\/\/www.cfta-alec.ca\/fr\/actualite-modification-apportee-a-laccord-de-libre-echange-canadien","title":{"rendered":"ACTUALIT\u00c9 \u2013 MODIFICATION APPORT\u00c9E \u00c0 L\u2019ACCORD DE LIBRE-\u00c9CHANGE CANADIEN"},"content":{"rendered":"\n<p><strong>Le 15 janvier 2020<\/strong> \u2013 Les gouvernements f\u00e9d\u00e9ral, provinciaux et territoriaux (les \u00ab&nbsp;Parties&nbsp;\u00bb) se sont engag\u00e9s \u00e0 r\u00e9viser les exceptions qui leurs sont propres en vertu de l\u2019Accord de libre-\u00e9change canadien (ALEC).<\/p>\n\n\n\n<p>L\u2019ALEC a \u00e9t\u00e9 modifi\u00e9 de mani\u00e8re \u00e0 permettre aux Parties de retirer ou de restreindre la port\u00e9e des exceptions qui leurs sont propres de fa\u00e7on plus rapide et efficiente. Les Parties pourront dor\u00e9navant retirer leurs exceptions sans requ\u00e9rir l\u2019approbation de toutes les Parties et d\u2019en restreindre la port\u00e9e par l\u2019entremise d\u2019un processus simplifi\u00e9. Cette modification facilitera la lib\u00e9ralisation du commerce sur le territoire canadien et favorisera une r\u00e9duction et une \u00e9limination des obstacles au commerce int\u00e9rieur.<\/p>\n\n\n\n<p>Les exceptions inscrites \u00e0 l\u2019ALEC procurent aux Parties la marge de man\u0153uvre n\u00e9cessaire pour maintenir des mesures (p.&nbsp;ex. lois et r\u00e8glements) qui, autrement, seraient incompatibles avec les obligations pr\u00e9vues \u00e0 l\u2019Accord. R\u00e9duire ou restreindre la port\u00e9e de ces exceptions ouvrira de nouvelles possibilit\u00e9s, partout au pays, au b\u00e9n\u00e9fice des Canadiens.<\/p>\n\n\n\n<p>Lors de la r\u00e9union du Comit\u00e9 du commerce int\u00e9rieur du 29 mai 2019, les ministres ont donn\u00e9 \u00e0 leurs fonctionnaires le mandat d\u2019\u00e9laborer un premier protocole de modification pr\u00e9voyant les modifications \u00e0 l\u2019Accord propos\u00e9es. Les 14 Parties ont maintenant sign\u00e9 le premier protocole de modification, ce qui conf\u00e8re un effet juridique \u00e0 ces modifications de l\u2019Accord.<\/p>\n\n\n\n<p>Vous trouverez la version modifi\u00e9e de l\u2019Accord sur le <a href=\"https:\/\/www.cfta-alec.ca\/fr\/laccord-de-libre-echange-canadien\">site Web de l\u2019ALEC<\/a>.<\/p>\n\n\n\n<p>Les Parties \u00e0 l\u2019ALEC continueront de travailler en collaboration afin d\u2019\u00e9liminer les obstacles au commerce int\u00e9rieur et d\u2019encourager la libre circulation des biens, des services, de la main-d\u2019\u0153uvre et des investissements partout au Canada.<\/p>\n","protected":false},"excerpt":{"rendered":"<p>Le 15 janvier 2020 \u2013 Les gouvernements f\u00e9d\u00e9ral, provinciaux et territoriaux (les \u00ab&nbsp;Parties&nbsp;\u00bb) se sont engag\u00e9s \u00e0 r\u00e9viser les exceptions qui leurs sont propres en vertu de l\u2019Accord de libre-\u00e9change canadien (ALEC). L\u2019ALEC a \u00e9t\u00e9 modifi\u00e9 de mani\u00e8re \u00e0 permettre aux Parties de retirer ou de restreindre la port\u00e9e des exceptions qui leurs sont propres de fa\u00e7on plus rapide et &#8230; <a href=\"https:\/\/www.cfta-alec.ca\/fr\/actualite-modification-apportee-a-laccord-de-libre-echange-canadien\" class=\"more-link\">Read More<\/a><\/p>\n","protected":false},"author":1,"featured_media":0,"comment_status":"closed","ping_status":"closed","sticky":false,"template":"","format":"standard","meta":{"_acf_changed":false,"footnotes":""},"categories":[3],"tags":[],"class_list":["post-238578","post","type-post","status-publish","format-standard","hentry","category-nouvelles","no-post-thumbnail"],"acf":[],"_links":{"self":[{"href":"https:\/\/www.cfta-alec.ca\/fr\/wp-json\/wp\/v2\/posts\/238578"}],"collection":[{"href":"https:\/\/www.cfta-alec.ca\/fr\/wp-json\/wp\/v2\/posts"}],"about":[{"href":"https:\/\/www.cfta-alec.ca\/fr\/wp-json\/wp\/v2\/types\/post"}],"author":[{"embeddable":true,"href":"https:\/\/www.cfta-alec.ca\/fr\/wp-json\/wp\/v2\/users\/1"}],"replies":[{"embeddable":true,"href":"https:\/\/www.cfta-alec.ca\/fr\/wp-json\/wp\/v2\/comments?post=238578"}],"version-history":[{"count":2,"href":"https:\/\/www.cfta-alec.ca\/fr\/wp-json\/wp\/v2\/posts\/238578\/revisions"}],"predecessor-version":[{"id":244407,"href":"https:\/\/www.cfta-alec.ca\/fr\/wp-json\/wp\/v2\/posts\/238578\/revisions\/244407"}],"wp:attachment":[{"href":"https:\/\/www.cfta-alec.ca\/fr\/wp-json\/wp\/v2\/media?parent=238578"}],"wp:term":[{"taxonomy":"category","embeddable":true,"href":"https:\/\/www.cfta-alec.ca\/fr\/wp-json\/wp\/v2\/categories?post=238578"},{"taxonomy":"post_tag","embeddable":true,"href":"https:\/\/www.cfta-alec.ca\/fr\/wp-json\/wp\/v2\/tags?post=238578"}],"curies":[{"name":"wp","href":"https:\/\/api.w.org\/{rel}","templated":true}]}}